{"id":1324,"date":"2023-03-22T20:09:00","date_gmt":"2023-03-22T19:09:00","guid":{"rendered":"https:\/\/losmenos.fr\/blog\/?p=1324"},"modified":"2024-06-19T15:27:38","modified_gmt":"2024-06-19T14:27:38","slug":"journee-ecologie-au-college-dorian","status":"publish","type":"post","link":"http:\/\/losmenos.fr\/blog\/?p=1324","title":{"rendered":"Journ\u00e9e Ecologie au coll\u00e8ge Dorian"},"content":{"rendered":"\n<h2>Sauvons l\u2019environnement et La Terre ne trahit jamais<\/h2>\n\n\n\n<p>Comme partout sur cette plan\u00e8te, l\u2019environnement est au coeur des pr\u00e9occupations des Ivoiriens.<\/p>\n\n\n\n<p>Ces ONG \u0153uvrent pour la pr\u00e9servation de l\u2019\u00e9cologie en C\u00f4te d\u2019Ivoire, notamment \u00e0 travers la sensibilisation des enfants.<\/p>\n\n\n\n<figure class=\"wp-block-image size-large\"><img loading=\"lazy\" width=\"1024\" height=\"457\" src=\"https:\/\/losmenos.fr\/blog\/wp-content\/uploads\/2023\/03\/336876988_1277052906212538_6496648639952664253_n-1-1024x457.jpg\" alt=\"\" class=\"wp-image-1326\" srcset=\"http:\/\/losmenos.fr\/blog\/wp-content\/uploads\/2023\/03\/336876988_1277052906212538_6496648639952664253_n-1-1024x457.jpg 1024w, http:\/\/losmenos.fr\/blog\/wp-content\/uploads\/2023\/03\/336876988_1277052906212538_6496648639952664253_n-1-300x134.jpg 300w, http:\/\/losmenos.fr\/blog\/wp-content\/uploads\/2023\/03\/336876988_1277052906212538_6496648639952664253_n-1-768x343.jpg 768w, http:\/\/losmenos.fr\/blog\/wp-content\/uploads\/2023\/03\/336876988_1277052906212538_6496648639952664253_n-1.jpg 1040w\" sizes=\"(max-width: 1024px) 100vw, 1024px\" \/><\/figure>\n\n\n\n<p>Pour cette ann\u00e9e, 4 grands th\u00e8mes ont \u00e9t\u00e9 d\u00e9velopp\u00e9s :&nbsp;<\/p>\n\n\n\n<ul><li>la restauration des mangroves<\/li><li>la reforestation<\/li><li>la pisciculture<\/li><li>la gestion et le tri des d\u00e9chets.<\/li><\/ul>\n\n\n\n<p>Ces organisations ne fonctionnent que gr\u00e2ce \u00e0 leurs b\u00e9n\u00e9voles et des fonds propres.&nbsp;<\/p>\n\n\n\n<p>Pour pouvoir continuer leurs actions, elles sont \u00e0 la recherche de reconnaissance et de dons.<\/p>\n\n\n\n<p>Notre ami Evrard Guei nous a invit\u00e9, dans le cadre de la Journ\u00e9e Internationale de l\u2019Eau, \u00e0 participer \u00e0 une sensibilisation \u00e0 la pollution de l\u2019eau par les m\u00e9gots de cigarettes dans le coll\u00e8ge Dorian de Yopougon (Abidjan).&nbsp;<\/p>\n\n\n\n<figure class=\"wp-block-image size-large\"><img loading=\"lazy\" width=\"1024\" height=\"683\" src=\"https:\/\/losmenos.fr\/blog\/wp-content\/uploads\/2023\/03\/IMG_9431-1024x683.jpg\" alt=\"\" class=\"wp-image-1327\" srcset=\"http:\/\/losmenos.fr\/blog\/wp-content\/uploads\/2023\/03\/IMG_9431-1024x683.jpg 1024w, http:\/\/losmenos.fr\/blog\/wp-content\/uploads\/2023\/03\/IMG_9431-300x200.jpg 300w, http:\/\/losmenos.fr\/blog\/wp-content\/uploads\/2023\/03\/IMG_9431-768x512.jpg 768w, http:\/\/losmenos.fr\/blog\/wp-content\/uploads\/2023\/03\/IMG_9431-1536x1024.jpg 1536w, http:\/\/losmenos.fr\/blog\/wp-content\/uploads\/2023\/03\/IMG_9431-2048x1365.jpg 2048w\" sizes=\"(max-width: 1024px) 100vw, 1024px\" \/><\/figure>\n\n\n\n<p>Il \u00e9tait accompagn\u00e9 de Mme Florencia Adjouman, Kader Kpadonoui et d\u2019autres membres de l\u2019ONG.<\/p>\n\n\n\n<p>Ces personnes sont absolument formidables et engag\u00e9es sur le terrain.<\/p>\n\n\n\n<p>Nous avons chaleureusement \u00e9t\u00e9 accueillis par un Akwaba des \u00e9l\u00e8ves de 6\u00e8me et par la sous-directrice et le sous-directeur du coll\u00e8ge.<\/p>\n\n\n\n<p>Les \u00e9l\u00e8ves avaient pr\u00e9par\u00e9s des sketchs sur le th\u00e8me de l\u2019environnement, et ils nous ont pr\u00e9sent\u00e9s leurs diff\u00e9rents club&nbsp; : club de la paix, club du civisme, et club&nbsp;sant\u00e9-environnement.<\/p>\n\n\n\n<figure class=\"wp-block-image size-large\"><img loading=\"lazy\" width=\"1024\" height=\"768\" src=\"https:\/\/losmenos.fr\/blog\/wp-content\/uploads\/2023\/03\/337400395_130840249944508_3914751689582175452_n-1-1024x768.jpg\" alt=\"\" class=\"wp-image-1332\" srcset=\"http:\/\/losmenos.fr\/blog\/wp-content\/uploads\/2023\/03\/337400395_130840249944508_3914751689582175452_n-1-1024x768.jpg 1024w, http:\/\/losmenos.fr\/blog\/wp-content\/uploads\/2023\/03\/337400395_130840249944508_3914751689582175452_n-1-300x225.jpg 300w, http:\/\/losmenos.fr\/blog\/wp-content\/uploads\/2023\/03\/337400395_130840249944508_3914751689582175452_n-1-768x576.jpg 768w, http:\/\/losmenos.fr\/blog\/wp-content\/uploads\/2023\/03\/337400395_130840249944508_3914751689582175452_n-1-1536x1152.jpg 1536w, http:\/\/losmenos.fr\/blog\/wp-content\/uploads\/2023\/03\/337400395_130840249944508_3914751689582175452_n-1-400x300.jpg 400w, http:\/\/losmenos.fr\/blog\/wp-content\/uploads\/2023\/03\/337400395_130840249944508_3914751689582175452_n-1.jpg 1596w\" sizes=\"(max-width: 1024px) 100vw, 1024px\" \/><\/figure>\n\n\n\n<p>Leurs interventions \u00e9taient impressionnantes. Je veux f\u00e9liciter ces \u00e9l\u00e8ves pour leur investissement et les po\u00e8mes qu\u2019ils ont \u00e9crits. Bravo \u00e0 eux !<\/p>\n\n\n\n<p>Evrard leur a ensuite fait une sensibilisation au devenir du m\u00e9got de cigarette une fois jet\u00e9 au sol. Le but est de leur faire prendre conscience des cons\u00e9quences de gestes qui paraissent anodins, et qu\u2019ils le transmettent \u00e0 leur tour dans leur famille.<\/p>\n\n\n\n<figure class=\"wp-block-image size-large\"><img loading=\"lazy\" width=\"1024\" height=\"683\" src=\"https:\/\/losmenos.fr\/blog\/wp-content\/uploads\/2023\/03\/IMG_9408-1024x683.jpg\" alt=\"\" class=\"wp-image-1328\" srcset=\"http:\/\/losmenos.fr\/blog\/wp-content\/uploads\/2023\/03\/IMG_9408-1024x683.jpg 1024w, http:\/\/losmenos.fr\/blog\/wp-content\/uploads\/2023\/03\/IMG_9408-300x200.jpg 300w, http:\/\/losmenos.fr\/blog\/wp-content\/uploads\/2023\/03\/IMG_9408-768x512.jpg 768w, http:\/\/losmenos.fr\/blog\/wp-content\/uploads\/2023\/03\/IMG_9408-1536x1024.jpg 1536w, http:\/\/losmenos.fr\/blog\/wp-content\/uploads\/2023\/03\/IMG_9408-2048x1365.jpg 2048w\" sizes=\"(max-width: 1024px) 100vw, 1024px\" \/><\/figure>\n\n\n\n<p>St\u00e9phane, puis moi, avons pris ensuite la parole pour comparer avec nos exp\u00e9riences en France. Ils ont \u00e9t\u00e9 invit\u00e9s \u00e0 faire, pour une prochaine fois, des cendriers de poche qu\u2019ils pourront offrir \u00e0 un fumeur dans leur entourage.<\/p>\n\n\n\n<figure class=\"wp-block-image size-large\"><img loading=\"lazy\" width=\"1024\" height=\"683\" src=\"https:\/\/losmenos.fr\/blog\/wp-content\/uploads\/2023\/03\/IMG_9425-1-1024x683.jpg\" alt=\"\" class=\"wp-image-1335\" srcset=\"http:\/\/losmenos.fr\/blog\/wp-content\/uploads\/2023\/03\/IMG_9425-1-1024x683.jpg 1024w, http:\/\/losmenos.fr\/blog\/wp-content\/uploads\/2023\/03\/IMG_9425-1-300x200.jpg 300w, http:\/\/losmenos.fr\/blog\/wp-content\/uploads\/2023\/03\/IMG_9425-1-768x512.jpg 768w, http:\/\/losmenos.fr\/blog\/wp-content\/uploads\/2023\/03\/IMG_9425-1-1536x1024.jpg 1536w, http:\/\/losmenos.fr\/blog\/wp-content\/uploads\/2023\/03\/IMG_9425-1-2048x1365.jpg 2048w\" sizes=\"(max-width: 1024px) 100vw, 1024px\" \/><\/figure>\n\n\n\n<p>L\u2019\u00e9quipe nous a ensuite invit\u00e9 \u00e0 visiter l&#8217;\u00e9cole. Les enfants sont environ 60 par classe. Et ils disposent d\u2019une biblioth\u00e8que qui a bien besoin d\u2019\u00eatre remplie. Si vous venez en C\u00f4te d\u2019Ivoire, emmenez des livres !!<\/p>\n\n\n\n<figure class=\"wp-block-image size-large\"><img loading=\"lazy\" width=\"1024\" height=\"683\" src=\"https:\/\/losmenos.fr\/blog\/wp-content\/uploads\/2023\/03\/IMG_9423-1-1024x683.jpg\" alt=\"\" class=\"wp-image-1336\" srcset=\"http:\/\/losmenos.fr\/blog\/wp-content\/uploads\/2023\/03\/IMG_9423-1-1024x683.jpg 1024w, http:\/\/losmenos.fr\/blog\/wp-content\/uploads\/2023\/03\/IMG_9423-1-300x200.jpg 300w, http:\/\/losmenos.fr\/blog\/wp-content\/uploads\/2023\/03\/IMG_9423-1-768x512.jpg 768w, http:\/\/losmenos.fr\/blog\/wp-content\/uploads\/2023\/03\/IMG_9423-1-1536x1024.jpg 1536w, http:\/\/losmenos.fr\/blog\/wp-content\/uploads\/2023\/03\/IMG_9423-1-2048x1365.jpg 2048w\" sizes=\"(max-width: 1024px) 100vw, 1024px\" \/><\/figure>\n\n\n\n<p>Apr\u00e8s le coll\u00e8ge, nous avons visit\u00e9 un centre de valorisation des d\u00e9chets qui forme des Ivoiriens de retour au pays. Dans ce centre, les noix de coco sont transform\u00e9es en biocharbon qui servira aux populations \u00e0 la place de l\u2019utilisation du bois de la mangrove. Le compost est transform\u00e9 en engrais naturel, et \u00e0 partir du plastique, ils font des briques et des pav\u00e9s pour la construction.<\/p>\n\n\n\n<figure class=\"wp-block-image size-large\"><img loading=\"lazy\" width=\"1024\" height=\"683\" src=\"https:\/\/losmenos.fr\/blog\/wp-content\/uploads\/2023\/03\/IMG_9442-1024x683.jpg\" alt=\"\" class=\"wp-image-1331\" srcset=\"http:\/\/losmenos.fr\/blog\/wp-content\/uploads\/2023\/03\/IMG_9442-1024x683.jpg 1024w, http:\/\/losmenos.fr\/blog\/wp-content\/uploads\/2023\/03\/IMG_9442-300x200.jpg 300w, http:\/\/losmenos.fr\/blog\/wp-content\/uploads\/2023\/03\/IMG_9442-768x512.jpg 768w, http:\/\/losmenos.fr\/blog\/wp-content\/uploads\/2023\/03\/IMG_9442-1536x1024.jpg 1536w, http:\/\/losmenos.fr\/blog\/wp-content\/uploads\/2023\/03\/IMG_9442-2048x1365.jpg 2048w\" sizes=\"(max-width: 1024px) 100vw, 1024px\" \/><\/figure>\n\n\n\n<p>Nous avons vraiment appr\u00e9ci\u00e9 cette journ\u00e9e o\u00f9 tout le monde, que ce soit les membres des ONG, ainsi que les \u00e9l\u00e8ves et le personnel du coll\u00e8ge-lyc\u00e9e Dorian, nous ont \u00e9pat\u00e9 par leur motivation et leur implication. Une journ\u00e9e tr\u00e8s riche.<\/p>\n\n\n\n<p>Plus d&#8217;informations sur <a rel=\"noreferrer noopener\" href=\"https:\/\/www.facebook.com\/laterrenetrahitjamais\" target=\"_blank\">f<\/a><a rel=\"noreferrer noopener\" href=\"https:\/\/www.facebook.com\/laterrenetrahitjamais\" target=\"_blank\">a<\/a><a rel=\"noreferrer noopener\" href=\"https:\/\/www.facebook.com\/laterrenetrahitjamais\" target=\"_blank\">c<\/a><a rel=\"noreferrer noopener\" href=\"https:\/\/www.facebook.com\/laterrenetrahitjamais\" target=\"_blank\">e<\/a><a rel=\"noreferrer noopener\" href=\"https:\/\/www.facebook.com\/laterrenetrahitjamais\" target=\"_blank\">b<\/a><a rel=\"noreferrer noopener\" href=\"https:\/\/www.facebook.com\/laterrenetrahitjamais\" target=\"_blank\">o<\/a><a rel=\"noreferrer noopener\" href=\"https:\/\/www.facebook.com\/laterrenetrahitjamais\" target=\"_blank\">o<\/a><a rel=\"noreferrer noopener\" href=\"https:\/\/www.facebook.com\/laterrenetrahitjamais\" target=\"_blank\">k.com\/laterrenetrahitjamais<\/a><\/p>\n\n\n\n<p>et <a href=\"https:\/\/www.facebook.com\/Ong-Internationale-Sauvons-Lenvironnement-108315844428072\" target=\"_blank\" rel=\"noreferrer noopener\">facebook.com\/Ong-Internationale-Sauvons-Lenvironnement<\/a><\/p>\n\n\n\n<p><\/p>\n","protected":false},"excerpt":{"rendered":"<p>Sauvons l\u2019environnement et La Terre ne trahit jamais Comme partout sur cette plan\u00e8te, l\u2019environnement est au coeur des pr\u00e9occupations des Ivoiriens. Ces ONG \u0153uvrent pour la pr\u00e9servation de l\u2019\u00e9cologie en C\u00f4te d\u2019Ivoire, notamment \u00e0 travers la sensibilisation des enfants. Pour cette ann\u00e9e, 4 grands th\u00e8mes ont \u00e9t\u00e9 d\u00e9velopp\u00e9s :&nbsp; la restauration des mangroves la reforestation [&hellip;]<\/p>\n","protected":false},"author":1,"featured_media":1341,"comment_status":"closed","ping_status":"closed","sticky":false,"template":"","format":"standard","meta":{"_s2mail":"yes"},"categories":[29,26],"tags":[],"_links":{"self":[{"href":"http:\/\/losmenos.fr\/blog\/index.php?rest_route=\/wp\/v2\/posts\/1324"}],"collection":[{"href":"http:\/\/losmenos.fr\/blog\/index.php?rest_route=\/wp\/v2\/posts"}],"about":[{"href":"http:\/\/losmenos.fr\/blog\/index.php?rest_route=\/wp\/v2\/types\/post"}],"author":[{"embeddable":true,"href":"http:\/\/losmenos.fr\/blog\/index.php?rest_route=\/wp\/v2\/users\/1"}],"replies":[{"embeddable":true,"href":"http:\/\/losmenos.fr\/blog\/index.php?rest_route=%2Fwp%2Fv2%2Fcomments&post=1324"}],"version-history":[{"count":13,"href":"http:\/\/losmenos.fr\/blog\/index.php?rest_route=\/wp\/v2\/posts\/1324\/revisions"}],"predecessor-version":[{"id":1348,"href":"http:\/\/losmenos.fr\/blog\/index.php?rest_route=\/wp\/v2\/posts\/1324\/revisions\/1348"}],"wp:featuredmedia":[{"embeddable":true,"href":"http:\/\/losmenos.fr\/blog\/index.php?rest_route=\/wp\/v2\/media\/1341"}],"wp:attachment":[{"href":"http:\/\/losmenos.fr\/blog\/index.php?rest_route=%2Fwp%2Fv2%2Fmedia&parent=1324"}],"wp:term":[{"taxonomy":"category","embeddable":true,"href":"http:\/\/losmenos.fr\/blog\/index.php?rest_route=%2Fwp%2Fv2%2Fcategories&post=1324"},{"taxonomy":"post_tag","embeddable":true,"href":"http:\/\/losmenos.fr\/blog\/index.php?rest_route=%2Fwp%2Fv2%2Ftags&post=1324"}],"curies":[{"name":"wp","href":"https:\/\/api.w.org\/{rel}","templated":true}]}}